{"id":781,"date":"2014-09-10T12:46:40","date_gmt":"2014-09-10T15:46:40","guid":{"rendered":"http:\/\/www.museocaraffa.org.ar\/blogcentenario\/?p=781"},"modified":"2014-09-23T14:20:24","modified_gmt":"2014-09-23T17:20:24","slug":"propuesta-de-cambio-de-nombre-del-museo-1942","status":"publish","type":"post","link":"https:\/\/www.museocaraffa.org.ar\/blogcentenario\/?p=781","title":{"rendered":"Propuesta de cambio de nombre del museo (1942)"},"content":{"rendered":"<div id=\"attachment_795\" style=\"width: 497px\" class=\"wp-caption aligncenter\"><a href=\"http:\/\/www.museocaraffa.org.ar\/blogcentenario\/wp-content\/uploads\/2014\/09\/foto-Pedone_cena_retocada-11.jpg\"><img aria-describedby=\"caption-attachment-795\" loading=\"lazy\" class=\"size-full wp-image-795\" src=\"http:\/\/www.museocaraffa.org.ar\/blogcentenario\/wp-content\/uploads\/2014\/09\/foto-Pedone_cena_retocada-11.jpg\" alt=\"Antonio Pedone y Deodoro Roca (en segundo lugar a cada lado de la mesa) comparten una reuni\u00f3n con artistas, ca. 1935\" width=\"487\" height=\"317\" data-wp-pid=\"795\" \/><\/a><p id=\"caption-attachment-795\" class=\"wp-caption-text\">Antonio Pedone y Deodoro Roca (en segundo lugar a cada lado de la mesa) comparten una reuni\u00f3n con artistas, ca. 1935<\/p><\/div>\n<p style=\"text-align: justify;\"><span style=\"color: #573078;\"><span style=\"color: #7319b8;\">En su car\u00e1cter de director, Antonio Pedone env\u00eda al vice gobernador Arturo U. Illia, una nota donde aborda el tema del cambio de nombre del museo. En primer lugar, solicita se modifique la nomenclatura vigente de \u00abSal\u00f3n de Bellas Artes\u00bb (usada en el presupuesto provincial) por la de \u00abMuseo Provincial de Bellas Artes\u00bb, como se lo denomina ya hace tiempo en el uso corriente. A continuaci\u00f3n, sugiere que se le d\u00e9 al museo el nombre de \u00abDeodoro Roca\u00bb. La propuesta constituye un homenaje a Roca (qui\u00e9n fuera director del Museo Provincial y creador de la ley de becas art\u00edsticas), a meses de haberse producido su muerte. Se transcribe a continuaci\u00f3n esta nota del 10 de noviembre de 1942, conservada en el archivo del museo<\/span>.<\/span><\/p>\n<hr \/>\n<p>C\u00f3rdoba, 10 de Noviembre de 1942<br \/>\nSe\u00f1or Vice Gobernador de la Provincia<br \/>\nDoctor Arturo U. Illia<br \/>\nS\/D<\/p>\n<p style=\"text-align: justify;\">De mi mayor estima:<br \/>\nDe acuerdo a lo que hab\u00edamos hablado, le mando los datos que creo necesarios para el cambio de nombre del Museo de Bellas Artes, y para el homenaje de nuestro com\u00fan amigo, Deodoro Roca.<br \/>\n1- El t\u00edtulo con que figura en el Presupuesto de \u201cSal\u00f3n de Bellas Artes\u201d, es un error, ya que, \u201cSal\u00f3n\u201d, presupone algo transitorio y no permanente. \u201cSal\u00f3n de Bellas Artes\u201d se le llama en Europa y en nuestro pa\u00eds, a las exposiciones de tiempo limitado. Este error de nominaci\u00f3n es lamentable por la confusi\u00f3n que trae, tanto en las cuestiones de orden administrativo como as\u00ed tambi\u00e9n en las gestiones ante los dem\u00e1s Museos del pa\u00eds. Y tambi\u00e9n por perder la jerarqu\u00eda que todo Museo de Bellas Artes debe tener.<br \/>\n2- Aprovechando las gestiones para el cambio de nominaci\u00f3n en el Presupuesto, y, homenaje a Deodoro Roca, podr\u00eda llam\u00e1rsele \u201cMuseo Provincial de Bellas Artes \u201cDeodoro Roca\u201d<br \/>\n3- Deodoro Roca, fue Director del viejo Museo Provincial, y como tal gestor de la divisi\u00f3n del viejo Museo en los tres existentes en la actualidad: Museo Colonial, Museo de Ciencias Naturales y Museo de Bellas Artes, como lo demuestra el proyecto elevado al Se\u00f1or Ministro de Gobierno e Instrucci\u00f3n P\u00fablica, doctor Agust\u00edn Garz\u00f3n Agulla en el 1917.<br \/>\n4- Adem\u00e1s de lo que antecede, a Deodoro Roca se le debe la creaci\u00f3n y estructuraci\u00f3n de la Ley de Becas para el Perfeccionamiento Art\u00edstico en el Extranjero; motivo de orgullo para la Provincia, y causa de reconocimiento de los artistas cordobeses.<br \/>\nAnimador de todo movimiento espiritual, fue Deodoro Roca, est\u00edmulo y gu\u00eda para todos los j\u00f3venes que se iniciaban en el Arte. Artista por sobre todas las cosas, sinti\u00f3 a la pintura como su pasi\u00f3n m\u00e1s grande.<br \/>\n5- Este cambio de nombre en homenaje a Deodoro Roca, no significar\u00e1 a la Provincia ninguna erogaci\u00f3n y aumento en el Presupuesto; contribuir\u00e1 en cambio, que familiares y amigos de Deodoro Roca, ya sea ampliando el actual local que no responde a las necesidades actuales, o donando obras en beneficio para la cultura local. Adem\u00e1s ser\u00e1 un merecido acto de justicia que se le debe a Deodoro Roca.<br \/>\nSeguro que el Se\u00f1or Vice Gobernador har\u00e1 lo posible para que se realice este proyecto, le saluda muy atentamente.<\/p>\n<hr \/>\n<h6 style=\"text-align: justify;\"><span style=\"color: #999999;\">ART\u00cdCULOS RELACIONADOS<\/span><\/h6>\n<ul>\n<li style=\"text-align: justify;\"><a title=\"Antonio Pedone (director del Museo, 1930-1946)\" href=\"http:\/\/www.museocaraffa.org.ar\/blogcentenario\/?p=875\"><span style=\"color: #7319b8;\">Antonio Pedone (director del Museo, 1930-1946)<\/span><\/a><\/li>\n<\/ul>\n","protected":false},"excerpt":{"rendered":"<p>En su car\u00e1cter de director, Antonio Pedone env\u00eda al vice gobernador Arturo U. Illia, una nota donde aborda el tema del cambio de nombre del&#8230;<\/p>\n","protected":false},"author":2,"featured_media":0,"comment_status":"open","ping_status":"open","sticky":false,"template":"","format":"standard","meta":[],"categories":[47],"tags":[35,43],"_links":{"self":[{"href":"https:\/\/www.museocaraffa.org.ar\/blogcentenario\/index.php?rest_route=\/wp\/v2\/posts\/781"}],"collection":[{"href":"https:\/\/www.museocaraffa.org.ar\/blogcentenario\/index.php?rest_route=\/wp\/v2\/posts"}],"about":[{"href":"https:\/\/www.museocaraffa.org.ar\/blogcentenario\/index.php?rest_route=\/wp\/v2\/types\/post"}],"author":[{"embeddable":true,"href":"https:\/\/www.museocaraffa.org.ar\/blogcentenario\/index.php?rest_route=\/wp\/v2\/users\/2"}],"replies":[{"embeddable":true,"href":"https:\/\/www.museocaraffa.org.ar\/blogcentenario\/index.php?rest_route=%2Fwp%2Fv2%2Fcomments&post=781"}],"version-history":[{"count":9,"href":"https:\/\/www.museocaraffa.org.ar\/blogcentenario\/index.php?rest_route=\/wp\/v2\/posts\/781\/revisions"}],"predecessor-version":[{"id":987,"href":"https:\/\/www.museocaraffa.org.ar\/blogcentenario\/index.php?rest_route=\/wp\/v2\/posts\/781\/revisions\/987"}],"wp:attachment":[{"href":"https:\/\/www.museocaraffa.org.ar\/blogcentenario\/index.php?rest_route=%2Fwp%2Fv2%2Fmedia&parent=781"}],"wp:term":[{"taxonomy":"category","embeddable":true,"href":"https:\/\/www.museocaraffa.org.ar\/blogcentenario\/index.php?rest_route=%2Fwp%2Fv2%2Fcategories&post=781"},{"taxonomy":"post_tag","embeddable":true,"href":"https:\/\/www.museocaraffa.org.ar\/blogcentenario\/index.php?rest_route=%2Fwp%2Fv2%2Ftags&post=781"}],"curies":[{"name":"wp","href":"https:\/\/api.w.org\/{rel}","templated":true}]}}