{"id":290,"date":"2014-08-01T15:48:55","date_gmt":"2014-08-01T18:48:55","guid":{"rendered":"http:\/\/www.museocaraffa.org.ar\/blogcentenario\/?p=290"},"modified":"2016-10-14T12:22:41","modified_gmt":"2016-10-14T15:22:41","slug":"la-exposicion-de-foujita-en-cordoba-y-una-singular-adquisicion-1932","status":"publish","type":"post","link":"https:\/\/www.museocaraffa.org.ar\/blogcentenario\/?p=290","title":{"rendered":"La exposici\u00f3n de Foujita en C\u00f3rdoba y una singular adquisici\u00f3n (1932)"},"content":{"rendered":"<div id=\"attachment_1032\" style=\"width: 196px\" class=\"wp-caption alignleft\"><a href=\"http:\/\/www.museocaraffa.org.ar\/blogcentenario\/wp-content\/uploads\/2014\/08\/Foujita_foto-artista.jpg\" target=\"_blank\"><img aria-describedby=\"caption-attachment-1032\" loading=\"lazy\" class=\"wp-image-1032\" src=\"http:\/\/www.museocaraffa.org.ar\/blogcentenario\/wp-content\/uploads\/2014\/08\/Foujita_foto-artista.jpg\" width=\"186\" height=\"225\" data-wp-pid=\"1032\" \/><\/a><p id=\"caption-attachment-1032\" class=\"wp-caption-text\">Tsuguharu Foujita<\/p><\/div>\n<p style=\"text-align: justify;\">En junio de 1932 llegaba a la ciudad el pintor Tsuguharu Foujita (Tokio, 1886 &#8211; Zurich, 1968), acontecimiento que despert\u00f3 el inter\u00e9s de la prensa y del medio art\u00edstico cordob\u00e9s. El artista, de origen japon\u00e9s y residente en Par\u00eds desde 1913, hab\u00eda iniciado una gira art\u00edstica por Am\u00e9rica del Sur (1931-1933), que lo hab\u00eda llevado previamente a exponer sus trabajos en San Pablo, Buenos Aires y Rosario, entre otras ciudades.<br \/>\nSu arribo a C\u00f3rdoba cont\u00f3 con el auspicio de la Comisi\u00f3n de Bellas Artes de la Provincia (por esos a\u00f1os bajo la direcci\u00f3n del arquitecto Jaime Roca) y con el apoyo financiero de \u201clos Amigos del Arte\u201d, modalidad asociativa de car\u00e1cter voluntario de la cual participaron artistas, pol\u00edticos, escritores, periodistas y personalidades reconocidas del medio local.<br \/>\nLa exposici\u00f3n (que incluy\u00f3 dibujos y pinturas) fue inaugurada el 14 de junio en un sal\u00f3n ubicado en el 182 de la calle 9 de Julio (curiosamente no fue realizada en el\u00a0\u00a0Sal\u00f3n Fasce, principal espacio de exhibici\u00f3n de la ciudad por esos a\u00f1os). El halo de excentricidad que rodeaba la figura de Foujita, contribuy\u00f3 a que los medios period\u00edsticos le concedieran una inusual atenci\u00f3n a su visita.<br \/>\nUna vez finalizada la muestra, \u201clos Amigos del Arte\u201d efectivizaron la compra de la obra <em>Pensive<\/em>, inmediatamente donada al Museo Provincial de Bellas Artes.<br \/>\n<em>Pensive, <\/em>no s\u00f3lo es representativa de la producci\u00f3n del artista en ese momento, sino que adem\u00e1s signific\u00f3 la incorporaci\u00f3n de una pieza cuya producci\u00f3n estaba directamente asociada con las tendencias de renovaci\u00f3n est\u00e9tica en auge dentro del arte europeo.<\/p>\n<div id=\"attachment_300\" style=\"width: 310px\" class=\"wp-caption alignnone\"><a href=\"http:\/\/www.museocaraffa.org.ar\/blogcentenario\/wp-content\/uploads\/2014\/08\/FOUJITA-_Pensive-.jpg\" target=\"_blank\"><img aria-describedby=\"caption-attachment-300\" loading=\"lazy\" class=\"wp-image-300 size-medium\" src=\"http:\/\/www.museocaraffa.org.ar\/blogcentenario\/wp-content\/uploads\/2014\/08\/FOUJITA-_Pensive--300x246.jpg\" width=\"300\" height=\"246\" srcset=\"https:\/\/www.museocaraffa.org.ar\/blogcentenario\/wp-content\/uploads\/2014\/08\/FOUJITA-_Pensive--300x246.jpg 300w, https:\/\/www.museocaraffa.org.ar\/blogcentenario\/wp-content\/uploads\/2014\/08\/FOUJITA-_Pensive-.jpg 907w\" sizes=\"(max-width: 300px) 100vw, 300px\" \/><\/a><p id=\"caption-attachment-300\" class=\"wp-caption-text\">TSUGUHARU FOUJITA. Pensive, 1932, \u00f3leo s\/tela, 54 x 65 cm (Donac. Amigos del Arte-C\u00f3rdoba, 1932)<\/p><\/div>\n<hr \/>\n<h5><\/h5>\n<h6><span style=\"color: #999999;\">REFERENCIAS<\/span><\/h6>\n<ul>\n<li><a href=\"http:\/\/www.museocaraffa.org.ar\/blogcentenario\/wp-content\/uploads\/2014\/08\/La-Voz_16-06-1932_Foujita-1.jpg\" target=\"_blank\">\u00abEl banquete ofrecido anoche a Foujita\u00a0revisti\u00f3 contornos gratos y singulares\u00bb. <em>La Voz del Interior<\/em>, 16 \/06 \/ 1932<\/a><\/li>\n<li><a href=\"http:\/\/www.museocaraffa.org.ar\/blogcentenario\/wp-content\/uploads\/2014\/08\/El-Pais_15-06-1932_Foujita.jpg\" target=\"_blank\">\u00abFoujita en EL Pa\u00eds\u00bb. <em>El Pa\u00eds<\/em>, 15 \/06\/ 1932.<\/a><\/li>\n<li><a href=\"http:\/\/www.museocaraffa.org.ar\/blogcentenario\/wp-content\/uploads\/2014\/08\/La-Voz_11-06-1932_Foujita.jpg\" target=\"_blank\">\u00abFoujita llegar\u00e1 el lunes a esta ciudad\u00bb.<em> La Voz del Interior<\/em>, 11\/06\/ 1932.<\/a><\/li>\n<li><a href=\"http:\/\/www.museocaraffa.org.ar\/blogcentenario\/wp-content\/uploads\/2014\/08\/La-Voz_15-06-1932_Foujita-2.jpg\" target=\"_blank\">\u00abLleg\u00f3 Foujita. Viene con su esposa y el gato. Es muy simp\u00e1tico. Su exposici\u00f3n gusta mucho\u00bb.<em> La Voz del Interior<\/em>, 15\/06\/ 1932.<\/a><\/li>\n<\/ul>\n<h6><span style=\"color: #573078;\"><span style=\"color: #999999;\">ARTICULOS\u00a0\u00a0RELACIONADOS<\/span><br \/>\n<\/span><\/h6>\n<ul>\n<li><a title=\"Foujita, \u201cUn c\u00edrculo de relaciones\u201d (2008)\" href=\"http:\/\/www.museocaraffa.org.ar\/blogcentenario\/?p=540\">Foujita, \u00abUn c\u00edrculo de relaciones\u00bb (2008)<\/a><\/li>\n<\/ul>\n<p>&nbsp;<\/p>\n","protected":false},"excerpt":{"rendered":"<p>En junio de 1932 llegaba a la ciudad el pintor Tsuguharu Foujita (Tokio, 1886 &#8211; Zurich, 1968), acontecimiento que despert\u00f3 el inter\u00e9s de la prensa&#8230;<\/p>\n","protected":false},"author":2,"featured_media":292,"comment_status":"open","ping_status":"open","sticky":false,"template":"","format":"standard","meta":[],"categories":[3],"tags":[44,21],"_links":{"self":[{"href":"https:\/\/www.museocaraffa.org.ar\/blogcentenario\/index.php?rest_route=\/wp\/v2\/posts\/290"}],"collection":[{"href":"https:\/\/www.museocaraffa.org.ar\/blogcentenario\/index.php?rest_route=\/wp\/v2\/posts"}],"about":[{"href":"https:\/\/www.museocaraffa.org.ar\/blogcentenario\/index.php?rest_route=\/wp\/v2\/types\/post"}],"author":[{"embeddable":true,"href":"https:\/\/www.museocaraffa.org.ar\/blogcentenario\/index.php?rest_route=\/wp\/v2\/users\/2"}],"replies":[{"embeddable":true,"href":"https:\/\/www.museocaraffa.org.ar\/blogcentenario\/index.php?rest_route=%2Fwp%2Fv2%2Fcomments&post=290"}],"version-history":[{"count":90,"href":"https:\/\/www.museocaraffa.org.ar\/blogcentenario\/index.php?rest_route=\/wp\/v2\/posts\/290\/revisions"}],"predecessor-version":[{"id":2320,"href":"https:\/\/www.museocaraffa.org.ar\/blogcentenario\/index.php?rest_route=\/wp\/v2\/posts\/290\/revisions\/2320"}],"wp:featuredmedia":[{"embeddable":true,"href":"https:\/\/www.museocaraffa.org.ar\/blogcentenario\/index.php?rest_route=\/wp\/v2\/media\/292"}],"wp:attachment":[{"href":"https:\/\/www.museocaraffa.org.ar\/blogcentenario\/index.php?rest_route=%2Fwp%2Fv2%2Fmedia&parent=290"}],"wp:term":[{"taxonomy":"category","embeddable":true,"href":"https:\/\/www.museocaraffa.org.ar\/blogcentenario\/index.php?rest_route=%2Fwp%2Fv2%2Fcategories&post=290"},{"taxonomy":"post_tag","embeddable":true,"href":"https:\/\/www.museocaraffa.org.ar\/blogcentenario\/index.php?rest_route=%2Fwp%2Fv2%2Ftags&post=290"}],"curies":[{"name":"wp","href":"https:\/\/api.w.org\/{rel}","templated":true}]}}