{"id":1048,"date":"2014-10-23T11:23:44","date_gmt":"2014-10-23T14:23:44","guid":{"rendered":"http:\/\/www.museocaraffa.org.ar\/blogcentenario\/?p=1048"},"modified":"2014-11-06T09:36:13","modified_gmt":"2014-11-06T12:36:13","slug":"ernesto-soneira-interventor-del-museo-1955-1956","status":"publish","type":"post","link":"https:\/\/www.museocaraffa.org.ar\/blogcentenario\/?p=1048","title":{"rendered":"Ernesto Soneira (Interventor del museo, 1955-1956)"},"content":{"rendered":"<p style=\"text-align: justify;\">En noviembre de 1955, pocos meses despu\u00e9s de haberse concretado el golpe de estado que derroc\u00f3 al segundo gobierno peronista (sucesos conocidos tambi\u00e9n como <em>Revoluci\u00f3n Libertadora<\/em>), es designado interventor del Museo Caraffa el pintor Ernesto Soneira. Su nombramiento, aconsejado por Antonio Pedone (Interventor del Instituto de Artes Pl\u00e1sticas, Museos y Artesan\u00edas), supone la suspensi\u00f3n de V\u00edctor Manuel Infante, quien hasta entonces se hab\u00eda desempa\u00f1ado en el cargo de director.<br \/>\nEn el \u00e1mbito del museo, la intervenci\u00f3n se propone como un proceso de normalizaci\u00f3n institucional, dentro del cual uno de los objetivos prioritarios es el ordenamiento y la recuperaci\u00f3n del acervo patrimonial. La compleja situaci\u00f3n de dispersi\u00f3n patrimonial (producto de la falta de criterios y del escaso control que rigen los pr\u00e9stamos de obras, en la mayor\u00eda de los casos destinadas a reparticiones p\u00fablicas) demanda de Soneira la mayor atenci\u00f3n y un sinn\u00famero de gestiones tendientes a la recuperaci\u00f3n de las obras cedidas en pr\u00e9stamo en los a\u00f1os previos.<br \/>\nSe expresa tambi\u00e9n la preocupaci\u00f3n por definir las diferentes \u00e1reas de trabajo y las funciones del personal, por ese motivo se elabora (sobre la base de una iniciativa previa de V. M. Infante) y se aprueba por decreto, un \u00abReglamento para el Museo Provincial de Bellas Artes\u00bb donde quedan efectivamente determinados aquellos aspectos de la instituci\u00f3n.<br \/>\nEn septiembre de 1956 la intervenci\u00f3n da por concluida su tarea, retornando V. M. Infante a la direcci\u00f3n del museo.<\/p>\n<p style=\"text-align: justify;\"><span style=\"color: #573078;\"><strong><a href=\"http:\/\/www.museocaraffa.org.ar\/blogcentenario\/wp-content\/uploads\/2014\/10\/1955_Soneira.jpg\"><img loading=\"lazy\" class=\"alignleft wp-image-1054 size-full\" src=\"http:\/\/www.museocaraffa.org.ar\/blogcentenario\/wp-content\/uploads\/2014\/10\/1955_Soneira.jpg\" alt=\"1955_Soneira\" width=\"176\" height=\"198\" \/><\/a>DATOS BIOGR\u00c1FICOS<br \/>\n<\/strong><\/span><strong>SONEIRA, ERNESTO<\/strong><br \/>\n<strong>(C\u00f3rdoba, 1908 &#8211; 1970)<\/strong><\/p>\n<p style=\"text-align: justify;\">Estudi\u00f3 en la Academia Provincial de Bellas Artes, teniendo all\u00ed como maestros a Francisco Vidal, Carlos Camilloni y Antonio Pedone. Egres\u00f3 en 1935 con el t\u00edtulo de Profesor de Dibujo y Pintura. Obtuvo tambi\u00e9n, en la misma instituci\u00f3n, el de Dibujante Proyectista en Arquitectura. En 1936 consigui\u00f3 una beca del gobierno provincial que le permiti\u00f3 viajar a Europa, junto con el escultor, tambi\u00e9n becado, Emilio Casas Ocampo. Estudi\u00f3 en Par\u00eds con Othon Friesz y tom\u00f3 contacto con el fauvismo (a trav\u00e9s de Matisse, Derain y Vlamninck) y la obra de C\u00e9zanne. Expuso en el Sal\u00f3n de Artistas Independientes de Par\u00eds (1938). Recorri\u00f3 varias ciudades italianas y se especializ\u00f3 en la ejecuci\u00f3n de frescos en Mil\u00e1n. A su regreso a C\u00f3rdoba, en 1939, intent\u00f3 introducir estas experiencias asimiladas durante su estancia europea, no sin dificultad. Su exposici\u00f3n individual en el Sal\u00f3n Blanco del Ministerio de Obras P\u00fablicas en 1940, que reun\u00eda paisajes y desnudos de corte fauvista, fue clausurada durante algunos d\u00edas por el Ministro Bobone, argumentando \u00abobscenidad\u00bb. Ese mismo a\u00f1o fue nombrado maestro de Dibujo y Pintura ad-honorem en la Colonia Santa Catalina, donde realiz\u00f3 una pintura mural. Posteriormente, asumi\u00f3 una serie de obras decorativas en espacios de la Escuela Nacional A. Carb\u00f3. Entre 1943 y 1948 actu\u00f3 como Profesor de Dibujo y Pintura en la Universidad Popular Argentina, en su filial de C\u00f3rdoba.<br \/>\nA principios de los cincuenta incursion\u00f3 brevemente en la geometr\u00eda, lo que dificult\u00f3 una vez m\u00e1s su aceptaci\u00f3n en el medio. En 1959 se alej\u00f3 en forma abrupta de la pintura y se dedic\u00f3 a la docencia.<br \/>\nDesignado Interventor del Museo Caraffa en 1955, permaneci\u00f3 en esa funci\u00f3n hasta el a\u00f1o siguiente, en que asumi\u00f3 la Direcci\u00f3n de la Escuela Provincial de Artesan\u00eda. En el a\u00f1o 1972 particip\u00f3 en la muestra \u00abGeom\u00e9tricos de C\u00f3rdoba\u00bb, que reuni\u00f3 a algunos de los referentes locales m\u00e1s importantes en esa l\u00ednea de trabajo.<\/p>\n<hr \/>\n<h6 style=\"text-align: justify;\"><span style=\"color: #999999;\">Art\u00edculos relacionados<\/span><\/h6>\n<ul>\n<li><a title=\"\u201cConsiderase terminada la tarea de la intervenci\u00f3n al Museo de Bellas Artes\u201d\" href=\"http:\/\/www.museocaraffa.org.ar\/blogcentenario\/?p=1057\">La intervenci\u00f3n al museo en la prensa (1956)<\/a><\/li>\n<\/ul>\n","protected":false},"excerpt":{"rendered":"<p>En noviembre de 1955, pocos meses despu\u00e9s de haberse concretado el golpe de estado que derroc\u00f3 al segundo gobierno peronista (sucesos conocidos tambi\u00e9n como Revoluci\u00f3n&#8230;<\/p>\n","protected":false},"author":2,"featured_media":1088,"comment_status":"open","ping_status":"open","sticky":false,"template":"","format":"standard","meta":[],"categories":[5],"tags":[89],"_links":{"self":[{"href":"https:\/\/www.museocaraffa.org.ar\/blogcentenario\/index.php?rest_route=\/wp\/v2\/posts\/1048"}],"collection":[{"href":"https:\/\/www.museocaraffa.org.ar\/blogcentenario\/index.php?rest_route=\/wp\/v2\/posts"}],"about":[{"href":"https:\/\/www.museocaraffa.org.ar\/blogcentenario\/index.php?rest_route=\/wp\/v2\/types\/post"}],"author":[{"embeddable":true,"href":"https:\/\/www.museocaraffa.org.ar\/blogcentenario\/index.php?rest_route=\/wp\/v2\/users\/2"}],"replies":[{"embeddable":true,"href":"https:\/\/www.museocaraffa.org.ar\/blogcentenario\/index.php?rest_route=%2Fwp%2Fv2%2Fcomments&post=1048"}],"version-history":[{"count":16,"href":"https:\/\/www.museocaraffa.org.ar\/blogcentenario\/index.php?rest_route=\/wp\/v2\/posts\/1048\/revisions"}],"predecessor-version":[{"id":1112,"href":"https:\/\/www.museocaraffa.org.ar\/blogcentenario\/index.php?rest_route=\/wp\/v2\/posts\/1048\/revisions\/1112"}],"wp:featuredmedia":[{"embeddable":true,"href":"https:\/\/www.museocaraffa.org.ar\/blogcentenario\/index.php?rest_route=\/wp\/v2\/media\/1088"}],"wp:attachment":[{"href":"https:\/\/www.museocaraffa.org.ar\/blogcentenario\/index.php?rest_route=%2Fwp%2Fv2%2Fmedia&parent=1048"}],"wp:term":[{"taxonomy":"category","embeddable":true,"href":"https:\/\/www.museocaraffa.org.ar\/blogcentenario\/index.php?rest_route=%2Fwp%2Fv2%2Fcategories&post=1048"},{"taxonomy":"post_tag","embeddable":true,"href":"https:\/\/www.museocaraffa.org.ar\/blogcentenario\/index.php?rest_route=%2Fwp%2Fv2%2Ftags&post=1048"}],"curies":[{"name":"wp","href":"https:\/\/api.w.org\/{rel}","templated":true}]}}