{"id":595,"date":"2014-08-29T15:32:52","date_gmt":"2014-08-29T18:32:52","guid":{"rendered":"http:\/\/www.museocaraffa.org.ar\/blogcentenario\/?p=595"},"modified":"2016-04-28T13:56:10","modified_gmt":"2016-04-28T16:56:10","slug":"acta-de-inauguracion-de-las-salas-de-pintura-del-museo-provincial-1914","status":"publish","type":"post","link":"http:\/\/www.museocaraffa.org.ar\/blogcentenario\/?p=595","title":{"rendered":"Acta de inauguraci\u00f3n de las Salas de Pintura del Museo Provincial (1914)"},"content":{"rendered":"<p style=\"text-align: justify;\"><span style=\"color: #7319b8;\">El 5 de diciembre de 1914 se realiza en la sede del Museo Provincial (entonces situada en un local de Avenida Col\u00f3n 845), la inauguraci\u00f3n oficial de sus \u00abSalas de Pintura.\u00bb La ceremonia incluye la elaboraci\u00f3n de un acta, cuyo texto completo se transcribe abajo. Entre los firmantes pueden reconocerse los nombres de Ram\u00f3n J. C\u00e1rcano (gobernador de C\u00f3rdoba), Justino C\u00e9sar (Ministro de Gobierno, Justicia, Culto e Instrucci\u00f3n P\u00fablica), V\u00edctor de Cobianchi (Ministro Plenipotenciario de Italia), Jacobo Wolff (director del Museo Provincial), Emilio Caraffa (artista, director de la Academia Provincial de Bellas Artes), Pedro Centanaro (artista), Ricardo L\u00f3pez Cabrera (artista), Cleopatra Constantini (artista), Julio Deheza (rector de la UNC), Cupertino del Campo (artista, director del MNBA, representante de la Comisi\u00f3n Nacional de Bellas Artes), Juan Gualberto Garc\u00eda (presidente de la Comisi\u00f3n Provincial de Bellas Artes), \u00c1ngel Sappia (propietario del Sal\u00f3n Fasce), Telasco Castellanos (presidente del Jockey Club), sum\u00e1ndose, en varios casos, las firmas de esposas y familiares. La n\u00f3mina da cuenta tanto de referentes pol\u00edticos e institucionales, como de figuras de la alta sociedad cordobesa y actores de una incipiente vida cultural, en la que estas categor\u00edas no s\u00f3lo no parecen ser excluyentes, sino que se muestran especialmente intercambiables.<\/span><\/p>\n<hr \/>\n<p style=\"text-align: justify;\">\u00abEn la ciudad de C\u00f3rdoba a cinco d\u00edas del mes de Diciembre de mil nuevecientos catorce, reunidos en el local del Museo Provincial el Exmo. Se\u00f1or Gobernador de la Provincia Dor. Ram\u00f3n J. C\u00e1rcano, S.E. el Ministro de Gobierno, Justicia, Culto e Instrucci\u00f3n P\u00fablica Dor. Justino C\u00e9sar, el Dor. Julio Deheza Rector de la Universidad Nacional de C\u00f3rdoba en representaci\u00f3n del Se\u00f1or Ministro de Instrucci\u00f3n P\u00fablica de la Naci\u00f3n Dor. Tom\u00e1s R. Cullen; el Se\u00f1or Dor. Cupertino del Campo enviado en representaci\u00f3n de la Comisi\u00f3n Nacional de Bellas Artes y a la vez miembro de la misma y Director del Museo Nacional de Bellas Artes; encontr\u00e1ndose tambi\u00e9n presente el Se\u00f1or Ministro Plenipotenciario de Italia Se\u00f1or Comendador V\u00edctor de Cobianchi, el Presidente de la Comisi\u00f3n de Bellas Artes Dor. Juan Gualberto Garc\u00eda y dem\u00e1s personas que suscriben, siendo las cuatro y media p. m. tuvo lugar la solemne inauguraci\u00f3n de seis salas conteniendo obras de arte pict\u00f3rico adquiridas unas por el Gobierno Provincial y otras enviadas a este Gobierno por el Exmo. Se\u00f1or Ministro de Instrucci\u00f3n P\u00fablica de la Naci\u00f3n para figurar en este Museo Provincial.\u00bb<\/p>\n<div id=\"attachment_596\" style=\"width: 844px\" class=\"wp-caption alignleft\"><a href=\"http:\/\/www.museocaraffa.org.ar\/blogcentenario\/wp-content\/uploads\/2014\/08\/1914_Acta-museo.jpg\" target=\"_blank\"><img aria-describedby=\"caption-attachment-596\" loading=\"lazy\" class=\"wp-image-596 size-large\" src=\"http:\/\/www.museocaraffa.org.ar\/blogcentenario\/wp-content\/uploads\/2014\/08\/1914_Acta-museo-834x1024.jpg\" alt=\"Acta inaugural de las Salas de Pintura del Museo Provincial (el documento original se conserva en el Museo Caraffa)\" width=\"834\" height=\"1024\" srcset=\"http:\/\/www.museocaraffa.org.ar\/blogcentenario\/wp-content\/uploads\/2014\/08\/1914_Acta-museo-834x1024.jpg 834w, http:\/\/www.museocaraffa.org.ar\/blogcentenario\/wp-content\/uploads\/2014\/08\/1914_Acta-museo-488x600.jpg 488w, http:\/\/www.museocaraffa.org.ar\/blogcentenario\/wp-content\/uploads\/2014\/08\/1914_Acta-museo.jpg 1041w\" sizes=\"(max-width: 834px) 100vw, 834px\" \/><\/a><p id=\"caption-attachment-596\" class=\"wp-caption-text\">Acta inaugural de las Salas de Pintura del Museo Provincial (el documento original se conserva en el Museo Caraffa)<\/p><\/div>\n<hr \/>\n<p>&nbsp;<\/p>\n","protected":false},"excerpt":{"rendered":"<p>El 5 de diciembre de 1914 se realiza en la sede del Museo Provincial (entonces situada en un local de Avenida Col\u00f3n 845), la inauguraci\u00f3n&#8230;<\/p>\n","protected":false},"author":2,"featured_media":597,"comment_status":"open","ping_status":"open","sticky":false,"template":"","format":"standard","meta":[],"categories":[47],"tags":[56,58,54,57],"_links":{"self":[{"href":"http:\/\/www.museocaraffa.org.ar\/blogcentenario\/index.php?rest_route=\/wp\/v2\/posts\/595"}],"collection":[{"href":"http:\/\/www.museocaraffa.org.ar\/blogcentenario\/index.php?rest_route=\/wp\/v2\/posts"}],"about":[{"href":"http:\/\/www.museocaraffa.org.ar\/blogcentenario\/index.php?rest_route=\/wp\/v2\/types\/post"}],"author":[{"embeddable":true,"href":"http:\/\/www.museocaraffa.org.ar\/blogcentenario\/index.php?rest_route=\/wp\/v2\/users\/2"}],"replies":[{"embeddable":true,"href":"http:\/\/www.museocaraffa.org.ar\/blogcentenario\/index.php?rest_route=%2Fwp%2Fv2%2Fcomments&post=595"}],"version-history":[{"count":10,"href":"http:\/\/www.museocaraffa.org.ar\/blogcentenario\/index.php?rest_route=\/wp\/v2\/posts\/595\/revisions"}],"predecessor-version":[{"id":2060,"href":"http:\/\/www.museocaraffa.org.ar\/blogcentenario\/index.php?rest_route=\/wp\/v2\/posts\/595\/revisions\/2060"}],"wp:featuredmedia":[{"embeddable":true,"href":"http:\/\/www.museocaraffa.org.ar\/blogcentenario\/index.php?rest_route=\/wp\/v2\/media\/597"}],"wp:attachment":[{"href":"http:\/\/www.museocaraffa.org.ar\/blogcentenario\/index.php?rest_route=%2Fwp%2Fv2%2Fmedia&parent=595"}],"wp:term":[{"taxonomy":"category","embeddable":true,"href":"http:\/\/www.museocaraffa.org.ar\/blogcentenario\/index.php?rest_route=%2Fwp%2Fv2%2Fcategories&post=595"},{"taxonomy":"post_tag","embeddable":true,"href":"http:\/\/www.museocaraffa.org.ar\/blogcentenario\/index.php?rest_route=%2Fwp%2Fv2%2Ftags&post=595"}],"curies":[{"name":"wp","href":"https:\/\/api.w.org\/{rel}","templated":true}]}}