{"id":2322,"date":"2016-11-18T15:51:04","date_gmt":"2016-11-18T18:51:04","guid":{"rendered":"http:\/\/www.museocaraffa.org.ar\/blogcentenario\/?p=2322"},"modified":"2021-03-02T14:43:26","modified_gmt":"2021-03-02T17:43:26","slug":"un-edificio-centenario-1916-2016","status":"publish","type":"post","link":"http:\/\/www.museocaraffa.org.ar\/blogcentenario\/?p=2322","title":{"rendered":"UN EDIFICIO CENTENARIO (1916-2016)"},"content":{"rendered":"<div id=\"attachment_2336\" style=\"width: 1376px\" class=\"wp-caption aligncenter\"><img aria-describedby=\"caption-attachment-2336\" loading=\"lazy\" class=\"wp-image-2336 size-full\" src=\"http:\/\/www.museocaraffa.org.ar\/blogcentenario\/wp-content\/uploads\/2016\/11\/caraffa-rovelli_mini-2.jpg\" alt=\"caraffa-rovelli_mini\" width=\"1366\" height=\"686\" srcset=\"http:\/\/www.museocaraffa.org.ar\/blogcentenario\/wp-content\/uploads\/2016\/11\/caraffa-rovelli_mini-2.jpg 1366w, http:\/\/www.museocaraffa.org.ar\/blogcentenario\/wp-content\/uploads\/2016\/11\/caraffa-rovelli_mini-2-896x450.jpg 896w, http:\/\/www.museocaraffa.org.ar\/blogcentenario\/wp-content\/uploads\/2016\/11\/caraffa-rovelli_mini-2-768x386.jpg 768w, http:\/\/www.museocaraffa.org.ar\/blogcentenario\/wp-content\/uploads\/2016\/11\/caraffa-rovelli_mini-2-1024x514.jpg 1024w\" sizes=\"(max-width: 1366px) 100vw, 1366px\" \/><p id=\"caption-attachment-2336\" class=\"wp-caption-text\">Museo Caraffa, ca. 1920,\u00a0Col. Mercedes Boixados.<\/p><\/div>\n<p style=\"text-align: justify; padding-left: 150px;\"><em>\u00abLa construcci\u00f3n del nuevo edificio [&#8230;] permitir\u00e1 contar con un espacio adecuado y suficiente para instalar debidamente las colecciones, especialmente la sala de pintura, donde podr\u00e1n concurrir a trabajar c\u00f3modamente el p\u00fablico y los alumnos de la academia.\u00bb (Mensaje del Gobernador Ram\u00f3n J. C\u00e1rcano, le\u00eddo en la apertura de la Legislatura, mayo 1916)<\/em><\/p>\n<p style=\"text-align: justify;\">En 1915 el gobierno de C\u00e1rcano encomend\u00f3 al arquitecto h\u00fangaro Juan Kronfuss, recientemente radicado en C\u00f3rdoba y designado Director General de Arquitectura de la Provincia, el dise\u00f1o de un edificio para el Museo Provincial. Un intento anterior, tambi\u00e9n requerido a Kronfuss (en 1912, por el Gobernador Garz\u00f3n), hab\u00eda sido rechazado por tratarse de una propuesta arquitect\u00f3nica de l\u00ednea neocolonial que no se correspond\u00eda con las nuevas ideas de progreso. En esta segunda oportunidad, Kronfuss propuso un edificio neocl\u00e1sico (que en principio albergar\u00eda la secci\u00f3n de bellas artes) que fue aceptado. El emplazamiento escogido (un terreno pr\u00f3ximo a Plaza Chacabuco, actual Plaza Espa\u00f1a) asegurar\u00eda al museo una presencia imponente en una zona de la ciudad que expresaba cabalmente el impulso modernizador: el barrio de Nueva C\u00f3rdoba. En 1916 se dio inicio a la construcci\u00f3n que, en realidad, estaba acotada al desarrollo de una peque\u00f1a porci\u00f3n de lo proyectado por el arquitecto. As\u00ed era descripto en el diario <em>Los Principios<\/em>:<\/p>\n<p style=\"padding-left: 90px; text-align: justify;\"><em>\u00abEl actual proyecto constituye una parte de la construcci\u00f3n total\u00a0 y corresponde a las actuales necesidades del museo. Debajo del sal\u00f3n \u00fanico que se construye, se ha dejado un espacio para la construcci\u00f3n de un s\u00f3tano que ser\u00e1 ejecutado cuando la ampliaci\u00f3n del museo lo reclame, s\u00f3tano destinado a objetos que por su peso no puedan colocarse en el sal\u00f3n. [&#8230;] La parte a construirse deber\u00e1 quedar terminada, seg\u00fan lo estipula el contrato, el d\u00eda 1\u00ba de mayo y al efecto se han emprendido los trabajos de fundaciones [&#8230;]\u00bb (Los Principios, 06\/02\/1916)<\/em><\/p>\n<p style=\"text-align: justify;\">La fecha programada para la finalizaci\u00f3n coincid\u00eda con dos eventos significativos, aunque de diferente naturaleza; por una parte, la realizaci\u00f3n del primer Sal\u00f3n de Arte de C\u00f3rdoba (que finalmente tuvo lugar en el Pabell\u00f3n de las Industrias) y la terminaci\u00f3n del mandato de C\u00e1rcano como gobernador. Los plazos del contrato no fueron cumplidos y la obra se dio por concluida reci\u00e9n el 31 de agosto de 1916. Para ese entonces el nuevo gobernador electo, el radical Eufrazio Loza, hab\u00eda designado como Director del Museo Provincial a Deodoro Roca, quien tom\u00f3 posesi\u00f3n del edificio en septiembre de ese a\u00f1o, realizando de inmediato las gestiones para el traslado de la colecci\u00f3n de arte. La particular coyuntura (demora en la ejecuci\u00f3n de la obra y alternancia de gobierno) explica que el acontecimiento no fuera objeto de ning\u00fan acto oficial de inauguraci\u00f3n, pasando desapercibido en la prensa de la \u00e9poca. Su relevancia no era sin embargo poca: se trataba de uno de los primeros edificios construidos en Argentina espec\u00edficamente para albergar un museo de este tipo, y particularmente, una colecci\u00f3n de bellas artes.Con el tiempo, el edificio ideado por Kronfuss paso a convertirse en una suerte de \u00edcono arquitect\u00f3nico de la ciudad que, a\u00fan luego de sucesivas transformaciones (no solo de la propia construcci\u00f3n, sino del entorno) contin\u00faa siendo observado con atenci\u00f3n y curiosidad.<\/p>\n<div id=\"attachment_2328\" style=\"width: 986px\" class=\"wp-caption aligncenter\"><img aria-describedby=\"caption-attachment-2328\" loading=\"lazy\" class=\"wp-image-2328 size-full\" src=\"http:\/\/www.museocaraffa.org.ar\/blogcentenario\/wp-content\/uploads\/2016\/11\/museo-tarjeta_arch-fotog.jpg\" alt=\"museo-tarjeta_arch-fotog\" width=\"976\" height=\"630\" srcset=\"http:\/\/www.museocaraffa.org.ar\/blogcentenario\/wp-content\/uploads\/2016\/11\/museo-tarjeta_arch-fotog.jpg 976w, http:\/\/www.museocaraffa.org.ar\/blogcentenario\/wp-content\/uploads\/2016\/11\/museo-tarjeta_arch-fotog-697x450.jpg 697w, http:\/\/www.museocaraffa.org.ar\/blogcentenario\/wp-content\/uploads\/2016\/11\/museo-tarjeta_arch-fotog-768x496.jpg 768w, http:\/\/www.museocaraffa.org.ar\/blogcentenario\/wp-content\/uploads\/2016\/11\/museo-tarjeta_arch-fotog-110x70.jpg 110w\" sizes=\"(max-width: 976px) 100vw, 976px\" \/><p id=\"caption-attachment-2328\" class=\"wp-caption-text\">Vista de la Plaza Espa\u00f1a, tarjeta postal; gentileza del Archivo Fotogr\u00e1fico de C\u00f3rdoba.<\/p><\/div>\n<hr \/>\n<h6><span style=\"color: #999999;\">REFERENCIAS<\/span><\/h6>\n<ul style=\"list-style-type: circle;\">\n<li style=\"text-align: justify;\"><a href=\"https:\/\/rdu.unc.edu.ar\/bitstream\/handle\/11086\/358\/EDIFFYH%202009%20AGUERO.pdf?sequence=1\">Ag\u00fcero, Ana Clarisa. <em>El espacio del arte. Una microhistoria del Museo Polit\u00e9cnico de C\u00f3rdoba entre 1911 y 1916<\/em>. Editorial de la Facultad de Filosof\u00eda y Humanidades, C\u00f3rdoba, 2009.<\/a><\/li>\n<li style=\"text-align: justify;\">\u00abEl edificio para el museo de la provincia\u00bb, <em>Los Principios<\/em>, 06\/02\/1916.<\/li>\n<li style=\"text-align: justify;\">\u00abEl Mensaje del gobernador de la provincia, doctor C\u00e1rcano, le\u00eddo en la apertura de la Legislatura\u00bb, <em>Los Principios<\/em>, 06\/05\/1916.<\/li>\n<\/ul>\n<h6><span style=\"color: #999999;\">NOTAS RELACIONADAS<\/span><\/h6>\n<ul style=\"list-style-type: circle;\">\n<li>\u00a0<a href=\"http:\/\/www.museocaraffa.org.ar\/blogcentenario\/?p=850\">Ley para la ampliaci\u00f3n y refuncionalizaci\u00f3n del museo (2006)<\/a><\/li>\n<li><a href=\"http:\/\/www.museocaraffa.org.ar\/blogcentenario\/?p=250\">Una alegor\u00eda justicialista (1954)<\/a><\/li>\n<\/ul>\n","protected":false},"excerpt":{"rendered":"<p>\u00abLa construcci\u00f3n del nuevo edificio [&#8230;] permitir\u00e1 contar con un espacio adecuado y suficiente para instalar debidamente las colecciones, especialmente la sala de pintura, donde&#8230;<\/p>\n","protected":false},"author":2,"featured_media":2326,"comment_status":"open","ping_status":"closed","sticky":false,"template":"","format":"standard","meta":[],"categories":[2],"tags":[113,112,43],"_links":{"self":[{"href":"http:\/\/www.museocaraffa.org.ar\/blogcentenario\/index.php?rest_route=\/wp\/v2\/posts\/2322"}],"collection":[{"href":"http:\/\/www.museocaraffa.org.ar\/blogcentenario\/index.php?rest_route=\/wp\/v2\/posts"}],"about":[{"href":"http:\/\/www.museocaraffa.org.ar\/blogcentenario\/index.php?rest_route=\/wp\/v2\/types\/post"}],"author":[{"embeddable":true,"href":"http:\/\/www.museocaraffa.org.ar\/blogcentenario\/index.php?rest_route=\/wp\/v2\/users\/2"}],"replies":[{"embeddable":true,"href":"http:\/\/www.museocaraffa.org.ar\/blogcentenario\/index.php?rest_route=%2Fwp%2Fv2%2Fcomments&post=2322"}],"version-history":[{"count":16,"href":"http:\/\/www.museocaraffa.org.ar\/blogcentenario\/index.php?rest_route=\/wp\/v2\/posts\/2322\/revisions"}],"predecessor-version":[{"id":2343,"href":"http:\/\/www.museocaraffa.org.ar\/blogcentenario\/index.php?rest_route=\/wp\/v2\/posts\/2322\/revisions\/2343"}],"wp:featuredmedia":[{"embeddable":true,"href":"http:\/\/www.museocaraffa.org.ar\/blogcentenario\/index.php?rest_route=\/wp\/v2\/media\/2326"}],"wp:attachment":[{"href":"http:\/\/www.museocaraffa.org.ar\/blogcentenario\/index.php?rest_route=%2Fwp%2Fv2%2Fmedia&parent=2322"}],"wp:term":[{"taxonomy":"category","embeddable":true,"href":"http:\/\/www.museocaraffa.org.ar\/blogcentenario\/index.php?rest_route=%2Fwp%2Fv2%2Fcategories&post=2322"},{"taxonomy":"post_tag","embeddable":true,"href":"http:\/\/www.museocaraffa.org.ar\/blogcentenario\/index.php?rest_route=%2Fwp%2Fv2%2Ftags&post=2322"}],"curies":[{"name":"wp","href":"https:\/\/api.w.org\/{rel}","templated":true}]}}